{"id":8,"date":"1974-09-04T14:29:03","date_gmt":"1974-09-04T13:29:03","guid":{"rendered":"http:\/\/www.dan.sperber.fr\/?p=8"},"modified":"2018-04-24T19:54:44","modified_gmt":"2018-04-24T18:54:44","slug":"contre-certains-a-priori-anthropologiques","status":"publish","type":"post","link":"https:\/\/www.dan.sperber.fr\/?p=8","title":{"rendered":"<a href=\"http:\/\/www.dan.sperber.fr\/wp-content\/uploads\/1974_contre-certains-a-priori-anthropologiques.pdf\">Dan Sperber (1974) <b>Contre certains<i> a priori<\/i> anthropologiques<\/b>. In E. Morin and M. Piatelli-Palmarini (\u00e9ds.),<i> L&#8217;unit\u00e9 de l&#8217;homme<\/i> (Le Seuil), 491-512.<\/a>"},"content":{"rendered":"<p style=\"padding-left: 60px;\">&#8220;&#8230;La sp\u00e9cificit\u00e9 g\u00e9n\u00e9rique de l&#8217;homme serait d&#8217;\u00eatre, de tous les animaux, le moins g\u00e9n\u00e9riquement sp\u00e9cifi\u00e9, et l&#8217;ethnographie en apporterait la preuve&#8230;.&#8221;<\/p>\n","protected":false},"excerpt":{"rendered":"<p>[&#8230;]<\/p>\n","protected":false},"author":1,"featured_media":0,"comment_status":"closed","ping_status":"open","sticky":false,"template":"","format":"standard","meta":[],"categories":[19,7,8,9],"tags":[],"_links":{"self":[{"href":"https:\/\/www.dan.sperber.fr\/index.php?rest_route=\/wp\/v2\/posts\/8"}],"collection":[{"href":"https:\/\/www.dan.sperber.fr\/index.php?rest_route=\/wp\/v2\/posts"}],"about":[{"href":"https:\/\/www.dan.sperber.fr\/index.php?rest_route=\/wp\/v2\/types\/post"}],"author":[{"embeddable":true,"href":"https:\/\/www.dan.sperber.fr\/index.php?rest_route=\/wp\/v2\/users\/1"}],"replies":[{"embeddable":true,"href":"https:\/\/www.dan.sperber.fr\/index.php?rest_route=%2Fwp%2Fv2%2Fcomments&post=8"}],"version-history":[{"count":19,"href":"https:\/\/www.dan.sperber.fr\/index.php?rest_route=\/wp\/v2\/posts\/8\/revisions"}],"predecessor-version":[{"id":1513,"href":"https:\/\/www.dan.sperber.fr\/index.php?rest_route=\/wp\/v2\/posts\/8\/revisions\/1513"}],"wp:attachment":[{"href":"https:\/\/www.dan.sperber.fr\/index.php?rest_route=%2Fwp%2Fv2%2Fmedia&parent=8"}],"wp:term":[{"taxonomy":"category","embeddable":true,"href":"https:\/\/www.dan.sperber.fr\/index.php?rest_route=%2Fwp%2Fv2%2Fcategories&post=8"},{"taxonomy":"post_tag","embeddable":true,"href":"https:\/\/www.dan.sperber.fr\/index.php?rest_route=%2Fwp%2Fv2%2Ftags&post=8"}],"curies":[{"name":"wp","href":"https:\/\/api.w.org\/{rel}","templated":true}]}}